{"id":329,"date":"2025-08-28T20:27:31","date_gmt":"2025-08-29T02:27:31","guid":{"rendered":"https:\/\/asopodehu.com\/hn\/?p=329"},"modified":"2025-08-28T20:27:34","modified_gmt":"2025-08-29T02:27:34","slug":"libertad-de-expresion-y-libertad-de-prensa-los-derechos-invisibles-en-la-pre-sesion-del-epu-para-honduras","status":"publish","type":"post","link":"https:\/\/asopodehu.com\/hn\/libertad-de-expresion-y-libertad-de-prensa-los-derechos-invisibles-en-la-pre-sesion-del-epu-para-honduras\/","title":{"rendered":"Libertad de Expresi\u00f3n y Libertad de Prensa: Los derechos invisibles en la pre sesi\u00f3n del EPU para Honduras"},"content":{"rendered":"\n<p class=\"\">Los derechos que estuvieron invisibilizados en la pre sesi\u00f3n del Examen Peri\u00f3dico Universal, EPU, para Honduras este 28 de agosto de 2025, fueron la libertad de expresi\u00f3n y libertad de prensa, ante las delegaciones del Consejo de Derechos Humanos de la ONU.<\/p>\n\n\n\n<p class=\"\">La pre-sesi\u00f3n es organizada por organizaciones internacionales de sociedad civil y tiene como prop\u00f3sito reunir a las misiones diplom\u00e1ticas de los Estados que despu\u00e9s formular\u00e1n recomendaciones en el EPU oficial; dar voz a las organizaciones nacionales de la sociedad civil y a defensores de derechos humanos, para que presenten de primera mano los principales problemas y prioridades del pa\u00eds a examinar, con el objetivo de asegurar que los diplom\u00e1ticos reciban informaci\u00f3n independiente y contextualizada, adem\u00e1s de la que env\u00eda el Estado y la que recopila la ONU y que busca influenciar el contenido de las recomendaciones que har\u00e1n los Estados en la sesi\u00f3n oficial del EPU.<\/p>\n\n\n\n<h3 class=\"wp-block-heading\"><strong>Honduras a revisi\u00f3n en noviembre<\/strong><\/h3>\n\n\n\n<p class=\"\">A principios del mes de noviembre Honduras ser\u00e1 examinada en todas las generaciones de derechos humanos y las organizaciones de sociedad civil deben aprovechar para incidir en los Estados que est\u00e1n en el Consejo de Derechos Humanos.<\/p>\n\n\n\n<p class=\"\">En la pre sesi\u00f3n realizada hoy estuvieron disertando sobre las problem\u00e1ticas de derechos<\/p>\n\n\n\n<p class=\"\">Coalici\u00f3n contra la Impunidad representada en las organizaciones Red COIPRODEN humanos; el Movimiento Ambientalista Santabarbarense; la red de organizaciones LGTBIQ+, Somos CDC; el Centro de Prevenci\u00f3n Tratamiento y Rehabilitaci\u00f3n contra la Tortura, CPTRT; el Centro de Investigaci\u00f3n y Promoci\u00f3n de los Derechos Humanos, CIPRODEH.<\/p>\n\n\n\n<p class=\"\">Adem\u00e1s particip\u00f3 la comisionada Blanca Izaguirre del Comisionado Nacional de los Derechos Humanos, CONADEH, quien dijo que debido a que la informaci\u00f3n entregada al Estado para la elaboraci\u00f3n del informe para el EPU, no hab\u00eda sido procesada de la mejor manera y que por eso lleg\u00f3 a la pre sesi\u00f3n.<\/p>\n\n\n\n<h3 class=\"wp-block-heading\"><strong>Estados no supieron del todo la realidad de lo que pasa en Honduras<\/strong><\/h3>\n\n\n\n<p class=\"\">Aunque lleg\u00f3 una nutrida delegaci\u00f3n de la Coalici\u00f3n contra la Impunidad, las organizaciones apenas tocaron por la orilla los problemas de diferentes poblaciones como privados de libertad; comunidad LGTBIQ+, ni\u00f1os, ni\u00f1as y j\u00f3venes; ind\u00edgenas; ambientalistas; mujeres; el impacto del Estado de Excepci\u00f3n, entre otras problem\u00e1ticas.<\/p>\n\n\n\n<p class=\"\">Los derechos humanos han presentado una involuci\u00f3n desde el golpe de Estado, profundizada en el gobierno del expresidente Juan Orlando Hern\u00e1ndez y exacerbada en el mandato de la presidenta Xiomara Castro, pero en las disertaciones de la delegaci\u00f3n de la Coalici\u00f3n Contra la Impunidad,&nbsp; se trat\u00f3 de obviar se\u00f1alar esa responsabilidad por parte de las organizaciones disertantes quienes se reunieron el d\u00eda anterior con la embajadora permanente de Honduras ante la ONU, Marcela Mar\u00eda Arias Moncada, hija de la actual candidata presidencial del Partido LIBRE, Rixi Moncada.<\/p>\n\n\n\n<p class=\"\">Por su parte la Comisionada Blanca Izaguirre abord\u00f3 el impacto negativo del estado de excepci\u00f3n el cual solo en cinco de las 18 veces prorrogado ha sido refrendado por el Congreso Nacional, lo que se constituye en una ilegalidad.<\/p>\n\n\n\n<h3 class=\"wp-block-heading\"><strong>Libertad de expresi\u00f3n y libertad de prensa se quedaron en el ba\u00fal de los recuerdos<\/strong><\/h3>\n\n\n\n<p class=\"\">Aunque la libertad de expresi\u00f3n y libertad de prensa son dos de los derechos m\u00e1s asediados por el actual gobierno en todas las instancias gubernamentales, sumadas las Fuerzas Armadas a trav\u00e9s de su Jefe del Estado Mayor Conjunto, Roosevelt Leonel Hern\u00e1ndez Aguilar y la Secretar\u00eda de Seguridad por medio del ministro de Seguridad Gustavo S\u00e1nchez.<\/p>\n\n\n\n<p class=\"\">Organizaciones internacionales han emitido sendos comunicados destacando lo peligroso de la situaci\u00f3n y haciendo un llamado a parar las campa\u00f1as de estigmatizaci\u00f3n y uso del derecho penal para impulsar querellas por difamaci\u00f3n y calumnia.<\/p>\n\n\n\n<p class=\"\">En las \u00faltimas semanas se han montado campa\u00f1as estigmatizantes y de odio con la colocaci\u00f3n de pancartas en sitios p\u00fablicos donde se les llama sicarios de la informaci\u00f3n a los periodistas, sin que medie una investigaci\u00f3n del Ministerio P\u00fablico, que deber\u00eda ser de oficio, pero s\u00ed admiti\u00f3 denuncias del Hern\u00e1ndez Aguilar contra 12 medios de comunicaci\u00f3n.<\/p>\n\n\n\n<p class=\"\">La invisibilizaci\u00f3n de este tema ante las delegaciones de los Estados que conforman el Consejo de Derechos Humanos mand\u00f3 un mal mensaje internacional de que estos derechos no tienen problemas, o que las organizaciones y el CONADEH no quieren problemas con el actual gobierno. Aunque hubo espacio para que los representantes estatales preguntaran a la sociedad civil all\u00ed presente disertando, hubo silencio de la mismas.<\/p>\n\n\n\n<p class=\"\">Una Coalici\u00f3n de organizaciones conformadas por Reporteros Sin Fronteras, RSF; Pen International; Articulo 19; Free Press Unlimited; el Comit\u00e9 de Protecci\u00f3n a Periodistas, CPJ; Pen Honduras y ASOPODEHU, presentaron un informa alternativo al Consejo de los Derechos Humanos, el 07 de abril pasado donde le expusieron la grave situaci\u00f3n que atraviesa la libertad de expresi\u00f3n; libertad de Prensa; Libertad de C\u00e1tedra; medios comunitarios y la discriminaci\u00f3n contra mujeres periodistas y escritoras.<\/p>\n\n\n\n<p class=\"\">Una delegaci\u00f3n de Pen International, Pen Honduras y ASOPODEHU, est\u00e1n en Ginebra difundiendo dicho informe ante las misiones de los Estados del Consejo de Derechos Humanos, dada la urgencia de la situaci\u00f3n, por las constantes amenazas y cr\u00edmenes contra periodistas, y el acoso permanente contra medios &nbsp;y comunicadores.<\/p>\n\n\n\n<p class=\"\">En el informe enviado por el CONADEH para la examinaci\u00f3n se Honduras se incluyen otros problemas relacionados con los derechos humanos, se se\u00f1ala que hay campa\u00f1as contra defensores de derechos humanos y periodistas, pero no se se\u00f1ala la magnitud de los ataques a la prensa. Lea ac\u00e1 el informe del CONADEH enviado al Consejo de Derechos Humanos<a href=\"https:\/\/www.dropbox.com\/scl\/fi\/1v7o76ngzelkg1uq9pgsu\/Contribucion-del-CONADEH-al-IV-Ciclo-del-Examen-Periodico-Evaluacion-al-Estado-de-Honduras-2.pdf?rlkey=0066b6x9k91z97nhbm7swf67p&amp;st=fs0tm0n2&amp;dl=0\"><strong>&nbsp;en este link.<\/strong><\/a><\/p>\n","protected":false},"excerpt":{"rendered":"<p>Los derechos que estuvieron invisibilizados en la pre sesi\u00f3n del Examen Peri\u00f3dico Universal, EPU, para Honduras este 28 de agosto de 2025, fueron la libertad de expresi\u00f3n y libertad de prensa, ante las delegaciones del Consejo de Derechos Humanos de la ONU. La pre-sesi\u00f3n es organizada por organizaciones internacionales de sociedad civil y tiene como [&hellip;]<\/p>\n","protected":false},"author":1,"featured_media":330,"comment_status":"closed","ping_status":"open","sticky":false,"template":"","format":"standard","meta":{"nf_dc_page":"","_et_pb_use_builder":"off","_et_pb_old_content":"","_et_gb_content_width":"","om_disable_all_campaigns":false,"cybocfi_hide_featured_image":"","_jetpack_memberships_contains_paid_content":false,"footnotes":""},"categories":[6],"tags":[23],"class_list":["post-329","post","type-post","status-publish","format-standard","has-post-thumbnail","hentry","category-noticias","tag-epu"],"jetpack_featured_media_url":"https:\/\/i0.wp.com\/asopodehu.com\/hn\/wp-content\/uploads\/2025\/08\/EPU-pre-sesion.jpg?fit=900%2C370&ssl=1","jetpack_sharing_enabled":true,"_links":{"self":[{"href":"https:\/\/asopodehu.com\/hn\/wp-json\/wp\/v2\/posts\/329","targetHints":{"allow":["GET"]}}],"collection":[{"href":"https:\/\/asopodehu.com\/hn\/wp-json\/wp\/v2\/posts"}],"about":[{"href":"https:\/\/asopodehu.com\/hn\/wp-json\/wp\/v2\/types\/post"}],"author":[{"embeddable":true,"href":"https:\/\/asopodehu.com\/hn\/wp-json\/wp\/v2\/users\/1"}],"replies":[{"embeddable":true,"href":"https:\/\/asopodehu.com\/hn\/wp-json\/wp\/v2\/comments?post=329"}],"version-history":[{"count":1,"href":"https:\/\/asopodehu.com\/hn\/wp-json\/wp\/v2\/posts\/329\/revisions"}],"predecessor-version":[{"id":331,"href":"https:\/\/asopodehu.com\/hn\/wp-json\/wp\/v2\/posts\/329\/revisions\/331"}],"wp:featuredmedia":[{"embeddable":true,"href":"https:\/\/asopodehu.com\/hn\/wp-json\/wp\/v2\/media\/330"}],"wp:attachment":[{"href":"https:\/\/asopodehu.com\/hn\/wp-json\/wp\/v2\/media?parent=329"}],"wp:term":[{"taxonomy":"category","embeddable":true,"href":"https:\/\/asopodehu.com\/hn\/wp-json\/wp\/v2\/categories?post=329"},{"taxonomy":"post_tag","embeddable":true,"href":"https:\/\/asopodehu.com\/hn\/wp-json\/wp\/v2\/tags?post=329"}],"curies":[{"name":"wp","href":"https:\/\/api.w.org\/{rel}","templated":true}]}}